{"id":666,"date":"2025-04-22T21:39:47","date_gmt":"2025-04-22T19:39:47","guid":{"rendered":"https:\/\/vlcicei.ymca-jh.cz\/?p=666"},"modified":"2025-04-22T21:39:47","modified_gmt":"2025-04-22T19:39:47","slug":"prihlasovani-na-tabor-2025","status":"publish","type":"post","link":"https:\/\/vlcicei.ymca-jh.cz\/?p=666","title":{"rendered":"P\u0159ihla\u0161ov\u00e1n\u00ed na t\u00e1bor 2025"},"content":{"rendered":"\n<p>V\u00e1\u017een\u00ed p\u0159\u00e1tel\u00e9, kapacita t\u00e1bora se pomalu pln\u00ed, ale st\u00e1le zb\u00fdv\u00e1 n\u011bkolik m\u00edst. <\/p>\n\n\n\n<p>Krom\u011b toho letos prob\u011bhne (po vzoru Vl\u010dice II) tak\u00e9 podzimn\u00ed pu\u0165\u00e1k 19-21.9.2025. Podrobnosti a pozv\u00e1n\u00ed budou pozd\u011bji.<\/p>\n\n\n\n<p><\/p>\n","protected":false},"excerpt":{"rendered":"<p>V\u00e1\u017een\u00ed p\u0159\u00e1tel\u00e9, kapacita t\u00e1bora se pomalu pln\u00ed, ale st\u00e1le zb\u00fdv\u00e1 n\u011bkolik m\u00edst. Krom\u011b toho letos prob\u011bhne (po vzoru Vl\u010dice II) tak\u00e9 podzimn\u00ed pu\u0165\u00e1k 19-21.9.2025. Podrobnosti a pozv\u00e1n\u00ed budou pozd\u011bji.<\/p>\n","protected":false},"author":2,"featured_media":0,"comment_status":"open","ping_status":"open","sticky":false,"template":"","format":"standard","meta":{"footnotes":""},"categories":[1],"tags":[],"class_list":["post-666","post","type-post","status-publish","format-standard","hentry","category-nezarazene"],"_links":{"self":[{"href":"https:\/\/vlcicei.ymca-jh.cz\/index.php?rest_route=\/wp\/v2\/posts\/666","targetHints":{"allow":["GET"]}}],"collection":[{"href":"https:\/\/vlcicei.ymca-jh.cz\/index.php?rest_route=\/wp\/v2\/posts"}],"about":[{"href":"https:\/\/vlcicei.ymca-jh.cz\/index.php?rest_route=\/wp\/v2\/types\/post"}],"author":[{"embeddable":true,"href":"https:\/\/vlcicei.ymca-jh.cz\/index.php?rest_route=\/wp\/v2\/users\/2"}],"replies":[{"embeddable":true,"href":"https:\/\/vlcicei.ymca-jh.cz\/index.php?rest_route=%2Fwp%2Fv2%2Fcomments&post=666"}],"version-history":[{"count":1,"href":"https:\/\/vlcicei.ymca-jh.cz\/index.php?rest_route=\/wp\/v2\/posts\/666\/revisions"}],"predecessor-version":[{"id":667,"href":"https:\/\/vlcicei.ymca-jh.cz\/index.php?rest_route=\/wp\/v2\/posts\/666\/revisions\/667"}],"wp:attachment":[{"href":"https:\/\/vlcicei.ymca-jh.cz\/index.php?rest_route=%2Fwp%2Fv2%2Fmedia&parent=666"}],"wp:term":[{"taxonomy":"category","embeddable":true,"href":"https:\/\/vlcicei.ymca-jh.cz\/index.php?rest_route=%2Fwp%2Fv2%2Fcategories&post=666"},{"taxonomy":"post_tag","embeddable":true,"href":"https:\/\/vlcicei.ymca-jh.cz\/index.php?rest_route=%2Fwp%2Fv2%2Ftags&post=666"}],"curies":[{"name":"wp","href":"https:\/\/api.w.org\/{rel}","templated":true}]}}